{"id":525,"date":"2024-02-07T19:43:57","date_gmt":"2024-02-07T18:43:57","guid":{"rendered":"https:\/\/sporilovb3.cz\/?p=525"},"modified":"2024-02-07T19:47:22","modified_gmt":"2024-02-07T18:47:22","slug":"presun-popelnic-k-zapadnimu-stitu-domu","status":"publish","type":"post","link":"https:\/\/sporilovb3.cz\/?p=525","title":{"rendered":"P\u0159esun popelnic k&nbsp;z\u00e1padn\u00edmu \u0161t\u00edtu domu (15.-16.2.2024)"},"content":{"rendered":"<p>V\u00e1\u017een\u00ed vlastn\u00edci bytov\u00fdch jednotek (n\u00e1jemn\u00edci),<br \/>\nV\u00fdboru SVJ se poda\u0159ilo ve velice kr\u00e1tk\u00e9 dob\u011b zorganizovat a zajistit realizaci nov\u00e9ho um\u00edst\u011bn\u00ed kontejner\u016f na sm\u011bsn\u00fd odpad v&nbsp;prostoru b\u00fdval\u00fdch klepadel u z\u00e1padn\u00edho \u0161t\u00edtu domu (vedle vchodu 2522\/26).<\/p>\n<p>Prostor je p\u0159ipraven a <b>kontejnery budou po dohod\u011b s&nbsp;Pra\u017esk\u00fdmi slu\u017ebami a z\u00e1stupci Odboru \u017eivotn\u00edho prost\u0159ed\u00ed M\u010c P4 p\u0159esunuty pravd\u011bpodobn\u011b ve dnech 15.-16.2.2024 na nov\u00e9 stanovi\u0161t\u011b.<\/b><\/p>\n<p>V\u011b\u0159\u00edme, \u017ee nov\u00fd prostor je l\u00e9pe obslu\u017en\u00fd pro svozov\u00e9 vozy a bude kone\u010dn\u011b zaji\u0161t\u011bn bezprobl\u00e9mov\u00fd pravideln\u00fd svoz odpadu 3x t\u00fddn\u011b.<br \/>\n<b>D\u016frazn\u011b v\u00e1s \u017e\u00e1d\u00e1me o dodr\u017eov\u00e1n\u00ed \u010distoty a po\u0159\u00e1dku na nov\u00e9m m\u00edst\u011b a uzamyk\u00e1n\u00ed kontejnerov\u00fdch n\u00e1dob. Neodkl\u00e1dejte \u017e\u00e1dn\u00fd odpad ani dal\u0161\u00ed v\u011bci do prostoru kolem. K&nbsp;tomu \u00fa\u010delu jsou ur\u010deny sb\u011brn\u00e9 dvory v&nbsp;okol\u00ed na\u0161eho bydli\u0161t\u011b (nap\u0159\u00edklad v&nbsp;ulic\u00edch: Choceradsk\u00e1 \u010di Zakryt\u00e1).<\/b><\/p>\n<p>D\u011bkujeme v\u0161em za spolupr\u00e1ci, vz\u00e1jemnou kontrolu a dodr\u017eov\u00e1n\u00ed pravidel.<\/p>\n<p>V\u00fdbor SVJ Spo\u0159ilovB3<\/p>\n","protected":false},"excerpt":{"rendered":"<p>V\u00e1\u017een\u00ed vlastn\u00edci bytov\u00fdch jednotek (n\u00e1jemn\u00edci), V\u00fdboru SVJ se poda\u0159ilo ve velice kr\u00e1tk\u00e9 dob\u011b zorganizovat a zajistit realizaci nov\u00e9ho um\u00edst\u011bn\u00ed kontejner\u016f na sm\u011bsn\u00fd odpad v&nbsp;prostoru b\u00fdval\u00fdch klepadel u z\u00e1padn\u00edho \u0161t\u00edtu domu (vedle vchodu 2522\/26). Prostor je p\u0159ipraven a kontejnery budou po dohod\u011b s&nbsp;Pra\u017esk\u00fdmi slu\u017ebami a z\u00e1stupci Odboru \u017eivotn\u00edho prost\u0159ed\u00ed M\u010c P4 p\u0159esunuty pravd\u011bpodobn\u011b ve dnech 15.-16.2.2024 [&hellip;]<\/p>\n","protected":false},"author":1,"featured_media":0,"comment_status":"open","ping_status":"open","sticky":false,"template":"","format":"standard","meta":{"footnotes":""},"categories":[1],"tags":[],"class_list":["post-525","post","type-post","status-publish","format-standard","hentry","category-nezarazene"],"_links":{"self":[{"href":"https:\/\/sporilovb3.cz\/index.php?rest_route=\/wp\/v2\/posts\/525","targetHints":{"allow":["GET"]}}],"collection":[{"href":"https:\/\/sporilovb3.cz\/index.php?rest_route=\/wp\/v2\/posts"}],"about":[{"href":"https:\/\/sporilovb3.cz\/index.php?rest_route=\/wp\/v2\/types\/post"}],"author":[{"embeddable":true,"href":"https:\/\/sporilovb3.cz\/index.php?rest_route=\/wp\/v2\/users\/1"}],"replies":[{"embeddable":true,"href":"https:\/\/sporilovb3.cz\/index.php?rest_route=%2Fwp%2Fv2%2Fcomments&post=525"}],"version-history":[{"count":5,"href":"https:\/\/sporilovb3.cz\/index.php?rest_route=\/wp\/v2\/posts\/525\/revisions"}],"predecessor-version":[{"id":530,"href":"https:\/\/sporilovb3.cz\/index.php?rest_route=\/wp\/v2\/posts\/525\/revisions\/530"}],"wp:attachment":[{"href":"https:\/\/sporilovb3.cz\/index.php?rest_route=%2Fwp%2Fv2%2Fmedia&parent=525"}],"wp:term":[{"taxonomy":"category","embeddable":true,"href":"https:\/\/sporilovb3.cz\/index.php?rest_route=%2Fwp%2Fv2%2Fcategories&post=525"},{"taxonomy":"post_tag","embeddable":true,"href":"https:\/\/sporilovb3.cz\/index.php?rest_route=%2Fwp%2Fv2%2Ftags&post=525"}],"curies":[{"name":"wp","href":"https:\/\/api.w.org\/{rel}","templated":true}]}}