{"id":311,"date":"2019-11-05T18:00:32","date_gmt":"2019-11-05T17:00:32","guid":{"rendered":"http:\/\/sporilovb3.cz\/?p=311"},"modified":"2019-11-05T18:01:59","modified_gmt":"2019-11-05T17:01:59","slug":"informovali-o-prechodu-pozemniho-televizniho-vysilani-na-novy-standard-dvb-t2","status":"publish","type":"post","link":"https:\/\/sporilovb3.cz\/?p=311","title":{"rendered":"informace o p\u0159echodu pozemn\u00edho televizn\u00edho vys\u00edl\u00e1n\u00ed na nov\u00fd standard DVB-T2"},"content":{"rendered":"\n<p>V\u00e1\u017een\u00ed soused\u00e9, <\/p>\n\n\n\n<p>r\u00e1di bychom v\u00e1s informovali o p\u0159echodu <strong>pozemn\u00edho\ntelevizn\u00edho vys\u00edl\u00e1n\u00ed<\/strong>&nbsp;ze spole\u010dn\u00e9 ant\u00e9ny na nov\u00fd standard DVB-T2.<\/p>\n\n\n\n<p>Pro p\u0159\u00edjem vys\u00edl\u00e1n\u00ed je t\u0159eba m\u00edt p\u0159ij\u00edma\u010d s&nbsp;tunerem\nDVB-T2\/HEVC. V\u011bt\u0161ina nov\u00fdch televizor\u016f by tuto podm\u00ednku m\u011bla spl\u0148ovat a v\ntakov\u00e9m p\u0159\u00edpad\u011b sta\u010d\u00ed televizor pouze p\u0159eladit. U n\u011bkter\u00fdch p\u0159\u00edstroj\u016f nalad\u011bn\u00ed\nprob\u011bhne automaticky. Pokud m\u00e1te star\u0161\u00ed televizor a chcete i nad\u00e1le vyu\u017e\u00edvat\np\u0159\u00edjem sign\u00e1lu ze spole\u010dn\u00e9 TV ant\u00e9ny, je t\u0159eba si zakoupit set-top-box\n(investice od cca 700&nbsp;K\u010d) \u010di nov\u00fd televizor (investice cca od 4tis. K\u010d). Nov\u00e9\nvys\u00edl\u00e1n\u00ed bude mo\u017en\u00e9 nov\u011b naladit prost\u0159ednictv\u00edm televizoru nebo set-top boxu s\ntunerem DVB-T2 a kodekem HEVC\/H.265 (v\u00edce\ninformac\u00ed na https:\/\/dvb-t2.cz\/).<\/p>\n\n\n\n<p>V&nbsp;p\u0159\u00edpad\u011b, \u017ee vyu\u017e\u00edv\u00e1te kabelov\u00fd p\u0159\u00edjem\/UPC \u010di\njin\u00fd kabelov\u00fd syst\u00e9m instalovan\u00fd v&nbsp;dom\u011b, nic se pro v\u00e1s nem\u011bn\u00ed.<\/p>\n\n\n\n<p>Programy se za\u010dnou vyp\u00ednat postupn\u011b od listopadu do\nprvn\u00ed poloviny n\u00e1sleduj\u00edc\u00edho roku.<\/p>\n\n\n\n<p>Dal\u0161\u00ed mo\u017enost\u00ed je instalace satelitn\u00edho p\u0159\u00edjmu pro\ncel\u00fd d\u016fm, investice v&nbsp;minim\u00e1ln\u00ed hodnot\u011b 80 tis. K\u010d. Tato mo\u017enost a celkov\u00e1\ninvestice by musela b\u00fdt odsouhlasena vlastn\u00edky na shrom\u00e1\u017ed\u011bn\u00ed.<\/p>\n\n\n\n<p>P\u0159\u00edpadn\u00e9 dotazy pros\u00edm adresujte na <a href=\"mailto:vybor@sporilovb3.cz\">vybor@sporilovb3.cz<\/a> nebo vhozen\u00edm\ndotazu do schr\u00e1nky SVJ B3 u vchodu 2527.<\/p>\n","protected":false},"excerpt":{"rendered":"<p>V\u00e1\u017een\u00ed soused\u00e9, r\u00e1di bychom v\u00e1s informovali o p\u0159echodu pozemn\u00edho televizn\u00edho vys\u00edl\u00e1n\u00ed&nbsp;ze spole\u010dn\u00e9 ant\u00e9ny na nov\u00fd standard DVB-T2. Pro p\u0159\u00edjem vys\u00edl\u00e1n\u00ed je t\u0159eba m\u00edt p\u0159ij\u00edma\u010d s&nbsp;tunerem DVB-T2\/HEVC. V\u011bt\u0161ina nov\u00fdch televizor\u016f by tuto podm\u00ednku m\u011bla spl\u0148ovat a v&nbsp;takov\u00e9m p\u0159\u00edpad\u011b sta\u010d\u00ed televizor pouze p\u0159eladit. U n\u011bkter\u00fdch p\u0159\u00edstroj\u016f nalad\u011bn\u00ed prob\u011bhne automaticky. Pokud m\u00e1te star\u0161\u00ed televizor a chcete i [&hellip;]<\/p>\n","protected":false},"author":1,"featured_media":0,"comment_status":"open","ping_status":"open","sticky":false,"template":"","format":"standard","meta":{"footnotes":""},"categories":[1],"tags":[],"class_list":["post-311","post","type-post","status-publish","format-standard","hentry","category-nezarazene"],"_links":{"self":[{"href":"https:\/\/sporilovb3.cz\/index.php?rest_route=\/wp\/v2\/posts\/311","targetHints":{"allow":["GET"]}}],"collection":[{"href":"https:\/\/sporilovb3.cz\/index.php?rest_route=\/wp\/v2\/posts"}],"about":[{"href":"https:\/\/sporilovb3.cz\/index.php?rest_route=\/wp\/v2\/types\/post"}],"author":[{"embeddable":true,"href":"https:\/\/sporilovb3.cz\/index.php?rest_route=\/wp\/v2\/users\/1"}],"replies":[{"embeddable":true,"href":"https:\/\/sporilovb3.cz\/index.php?rest_route=%2Fwp%2Fv2%2Fcomments&post=311"}],"version-history":[{"count":2,"href":"https:\/\/sporilovb3.cz\/index.php?rest_route=\/wp\/v2\/posts\/311\/revisions"}],"predecessor-version":[{"id":313,"href":"https:\/\/sporilovb3.cz\/index.php?rest_route=\/wp\/v2\/posts\/311\/revisions\/313"}],"wp:attachment":[{"href":"https:\/\/sporilovb3.cz\/index.php?rest_route=%2Fwp%2Fv2%2Fmedia&parent=311"}],"wp:term":[{"taxonomy":"category","embeddable":true,"href":"https:\/\/sporilovb3.cz\/index.php?rest_route=%2Fwp%2Fv2%2Fcategories&post=311"},{"taxonomy":"post_tag","embeddable":true,"href":"https:\/\/sporilovb3.cz\/index.php?rest_route=%2Fwp%2Fv2%2Ftags&post=311"}],"curies":[{"name":"wp","href":"https:\/\/api.w.org\/{rel}","templated":true}]}}