{"id":303,"date":"2019-06-20T21:37:04","date_gmt":"2019-06-20T19:37:04","guid":{"rendered":"http:\/\/sporilovb3.cz\/?p=303"},"modified":"2019-06-27T21:39:37","modified_gmt":"2019-06-27T19:39:37","slug":"odstavka-teple-vody-prazdniny-2019","status":"publish","type":"post","link":"https:\/\/sporilovb3.cz\/?p=303","title":{"rendered":"ODST\u00c1VKA TEPL\u00c9 VODy &#8211; pr\u00e1zdniny 2019"},"content":{"rendered":"\nPodle sd\u011blen\u00ed Pra\u017esk\u00e9 tepl\u00e1rensk\u00e9 a.s. prob\u011bhne leto\u0161n\u00ed pravideln\u00e1 letn\u00ed \nodst\u00e1vka tepl\u00e9 vody v&nbsp;na\u0161em dom\u011b <b>v term\u00ednu 30.06.2019 &#8211; 01.07.2019.<\/b>\n\n","protected":false},"excerpt":{"rendered":"<p>Podle sd\u011blen\u00ed Pra\u017esk\u00e9 tepl\u00e1rensk\u00e9 a.s. prob\u011bhne leto\u0161n\u00ed pravideln\u00e1 letn\u00ed odst\u00e1vka tepl\u00e9 vody v&nbsp;na\u0161em dom\u011b v&nbsp;term\u00ednu 30.06.2019 &#8211; 01.07.2019.<\/p>\n","protected":false},"author":1,"featured_media":0,"comment_status":"open","ping_status":"open","sticky":false,"template":"","format":"standard","meta":{"footnotes":""},"categories":[1],"tags":[],"class_list":["post-303","post","type-post","status-publish","format-standard","hentry","category-nezarazene"],"_links":{"self":[{"href":"https:\/\/sporilovb3.cz\/index.php?rest_route=\/wp\/v2\/posts\/303","targetHints":{"allow":["GET"]}}],"collection":[{"href":"https:\/\/sporilovb3.cz\/index.php?rest_route=\/wp\/v2\/posts"}],"about":[{"href":"https:\/\/sporilovb3.cz\/index.php?rest_route=\/wp\/v2\/types\/post"}],"author":[{"embeddable":true,"href":"https:\/\/sporilovb3.cz\/index.php?rest_route=\/wp\/v2\/users\/1"}],"replies":[{"embeddable":true,"href":"https:\/\/sporilovb3.cz\/index.php?rest_route=%2Fwp%2Fv2%2Fcomments&post=303"}],"version-history":[{"count":2,"href":"https:\/\/sporilovb3.cz\/index.php?rest_route=\/wp\/v2\/posts\/303\/revisions"}],"predecessor-version":[{"id":305,"href":"https:\/\/sporilovb3.cz\/index.php?rest_route=\/wp\/v2\/posts\/303\/revisions\/305"}],"wp:attachment":[{"href":"https:\/\/sporilovb3.cz\/index.php?rest_route=%2Fwp%2Fv2%2Fmedia&parent=303"}],"wp:term":[{"taxonomy":"category","embeddable":true,"href":"https:\/\/sporilovb3.cz\/index.php?rest_route=%2Fwp%2Fv2%2Fcategories&post=303"},{"taxonomy":"post_tag","embeddable":true,"href":"https:\/\/sporilovb3.cz\/index.php?rest_route=%2Fwp%2Fv2%2Ftags&post=303"}],"curies":[{"name":"wp","href":"https:\/\/api.w.org\/{rel}","templated":true}]}}